{"id":4309,"date":"2021-08-12T15:05:00","date_gmt":"2021-08-12T15:05:00","guid":{"rendered":"https:\/\/agriecuador.com\/?p=4309"},"modified":"2021-08-12T15:25:35","modified_gmt":"2021-08-12T15:25:35","slug":"cultivo-de-cebolla-malbec","status":"publish","type":"post","link":"https:\/\/agriecuador.com\/en\/cultivo-de-cebolla-malbec\/","title":{"rendered":"Cultivo de Cebolla Malbec"},"content":{"rendered":"<div class=\"wpb-content-wrapper\"><p>[vc_row][vc_column][vc_empty_space height=&#8221;25px&#8221;]<div id=\"ultimate-heading-221169f0f6f47972c\" class=\"uvc-heading ult-adjust-bottom-margin ultimate-heading-221169f0f6f47972c uvc-6108 \" data-hspacer=\"no_spacer\"  data-halign=\"center\" style=\"text-align:center\"><div class=\"uvc-heading-spacer no_spacer\" style=\"top\"><\/div><div class=\"uvc-main-heading ult-responsive\"  data-ultimate-target='.uvc-heading.ultimate-heading-221169f0f6f47972c h2'  data-responsive-json-new='{\"font-size\":\"\",\"line-height\":\"\"}' ><h2 style=\"font-weight:normal;\">Cultivo de Cebolla Malbec<\/h2><\/div><\/div>[vc_empty_space][vc_column_text]<\/p>\n<p style=\"text-align: center;\">D\u00eda de campo en el cultivo de uno de nuestros clientes de Cebolla Malbec para conocer sus caracter\u00edsticas y productividad en comparaci\u00f3n con la competencia<\/p>\n<p>[\/vc_column_text][vc_empty_space][vc_video link=&#8221;https:\/\/youtu.be\/WuvFlaryI90&#8243; align=&#8221;center&#8221; css_animation=&#8221;bounceInUp&#8221;][\/vc_column][\/vc_row]<\/p>\n<\/div>","protected":false},"excerpt":{"rendered":"<p>[vc_row][vc_column][vc_empty_space height=&#8221;25px&#8221;][vc_empty_space][vc_column_text] D\u00eda de campo en el cultivo de uno de nuestros clientes de Cebolla Malbec para conocer sus caracter\u00edsticas y productividad en comparaci\u00f3n con la competencia [\/vc_column_text][vc_empty_space][vc_video link=&#8221;https:\/\/youtu.be\/WuvFlaryI90&#8243; align=&#8221;center&#8221; css_animation=&#8221;bounceInUp&#8221;][\/vc_column][\/vc_row]<\/p>\n","protected":false},"author":2,"featured_media":3537,"comment_status":"open","ping_status":"open","sticky":false,"template":"","format":"standard","meta":{"_uag_custom_page_level_css":"","footnotes":""},"categories":[51],"tags":[],"class_list":["post-4309","post","type-post","status-publish","format-standard","has-post-thumbnail","hentry","category-galeria","category-51","description-off"],"gutentor_comment":0,"uagb_featured_image_src":{"full":["https:\/\/agriecuador.com\/wp-content\/uploads\/2020\/08\/cebolla.png",626,835,false],"thumbnail":["https:\/\/agriecuador.com\/wp-content\/uploads\/2020\/08\/cebolla-150x150.png",150,150,true],"medium":["https:\/\/agriecuador.com\/wp-content\/uploads\/2020\/08\/cebolla-225x300.png",225,300,true],"medium_large":["https:\/\/agriecuador.com\/wp-content\/uploads\/2020\/08\/cebolla.png",626,835,false],"large":["https:\/\/agriecuador.com\/wp-content\/uploads\/2020\/08\/cebolla.png",626,835,false],"1536x1536":["https:\/\/agriecuador.com\/wp-content\/uploads\/2020\/08\/cebolla.png",626,835,false],"2048x2048":["https:\/\/agriecuador.com\/wp-content\/uploads\/2020\/08\/cebolla.png",626,835,false],"awb_sm":["https:\/\/agriecuador.com\/wp-content\/uploads\/2020\/08\/cebolla.png",500,667,false],"awb_md":["https:\/\/agriecuador.com\/wp-content\/uploads\/2020\/08\/cebolla.png",626,835,false],"awb_lg":["https:\/\/agriecuador.com\/wp-content\/uploads\/2020\/08\/cebolla.png",626,835,false],"awb_xl":["https:\/\/agriecuador.com\/wp-content\/uploads\/2020\/08\/cebolla.png",626,835,false]},"uagb_author_info":{"display_name":"Carolina Cuenca","author_link":"https:\/\/agriecuador.com\/en\/author\/carocuenca\/"},"uagb_comment_info":0,"uagb_excerpt":"[vc_row][vc_column][vc_empty_space height=&#8221;25px&#8221;][vc_empty_space][vc_column_text] D\u00eda de campo en el cultivo de uno de nuestros clientes de Cebolla Malbec para conocer sus caracter\u00edsticas y productividad en comparaci\u00f3n con la competencia [\/vc_column_text][vc_empty_space][vc_video link=&#8221;https:\/\/youtu.be\/WuvFlaryI90&#8243; align=&#8221;center&#8221; css_animation=&#8221;bounceInUp&#8221;][\/vc_column][\/vc_row]","_links":{"self":[{"href":"https:\/\/agriecuador.com\/en\/wp-json\/wp\/v2\/posts\/4309","targetHints":{"allow":["GET"]}}],"collection":[{"href":"https:\/\/agriecuador.com\/en\/wp-json\/wp\/v2\/posts"}],"about":[{"href":"https:\/\/agriecuador.com\/en\/wp-json\/wp\/v2\/types\/post"}],"author":[{"embeddable":true,"href":"https:\/\/agriecuador.com\/en\/wp-json\/wp\/v2\/users\/2"}],"replies":[{"embeddable":true,"href":"https:\/\/agriecuador.com\/en\/wp-json\/wp\/v2\/comments?post=4309"}],"version-history":[{"count":0,"href":"https:\/\/agriecuador.com\/en\/wp-json\/wp\/v2\/posts\/4309\/revisions"}],"wp:featuredmedia":[{"embeddable":true,"href":"https:\/\/agriecuador.com\/en\/wp-json\/wp\/v2\/media\/3537"}],"wp:attachment":[{"href":"https:\/\/agriecuador.com\/en\/wp-json\/wp\/v2\/media?parent=4309"}],"wp:term":[{"taxonomy":"category","embeddable":true,"href":"https:\/\/agriecuador.com\/en\/wp-json\/wp\/v2\/categories?post=4309"},{"taxonomy":"post_tag","embeddable":true,"href":"https:\/\/agriecuador.com\/en\/wp-json\/wp\/v2\/tags?post=4309"}],"curies":[{"name":"wp","href":"https:\/\/api.w.org\/{rel}","templated":true}]}}